{"id":2077,"date":"2024-04-14T06:39:00","date_gmt":"2024-04-14T06:39:00","guid":{"rendered":"https:\/\/centrodelavision.cl\/sn\/?p=2077"},"modified":"2024-04-29T14:40:24","modified_gmt":"2024-04-29T14:40:24","slug":"problemas-visuales-en-los-ninos-senales-a-las-que-poner-atencion","status":"publish","type":"post","link":"https:\/\/centrodelavision.cl\/sn\/problemas-visuales-en-los-ninos-senales-a-las-que-poner-atencion\/","title":{"rendered":"Problemas visuales en los ni\u00f1os: Se\u00f1ales a las que poner atenci\u00f3n"},"content":{"rendered":"\n<p>Los defectos visuales en los ni\u00f1os muchas veces son silenciosos y dif\u00edciles de detectar, porque no son conscientes de evaluar su visi\u00f3n, no obstante, hay ciertas se\u00f1ales que podr\u00edan ayudar a los adultos a sospechar que algo no est\u00e1 bien, explica el\u00a0<a href=\"https:\/\/centrodelavision.cl\/sn\/dr-francisco-jose-conte-silva\/\" title=\"\">doctor Francisco Conte<\/a>, oftalmopediatra del Centro de la Visi\u00f3n.<\/p>\n\n\n\n<!--more-->\n\n\n\n<p>Seg\u00fan el especialista, algunas de las se\u00f1ales m\u00e1s comunes, o que hay que estar especialmente atentos a un posible defecto visual en un ni\u00f1o, son:<\/p>\n\n\n\n<ul class=\"wp-block-list\">\n<li>Que&nbsp;entrecierre los ojos para ver<\/li>\n\n\n\n<li>Que se&nbsp;acerque mucho a las pantallas<\/li>\n\n\n\n<li>Que se aprecie uno o ambos&nbsp;ojos desviados<\/li>\n\n\n\n<li>Problemas para movilizarse o chocar mucho con las cosas<\/li>\n\n\n\n<li>Alteraci\u00f3n en la&nbsp;anatom\u00eda del ojo<\/li>\n\n\n\n<li>Que se aprecie algo blanco en la&nbsp;pupila<\/li>\n\n\n\n<li>Un reflejo blanco en uno o ambos ojos en fotos con flash (esto especialmente en menores de 2 a\u00f1os)<\/li>\n<\/ul>\n\n\n\n<p>Es importante que los pap\u00e1s est\u00e9n familiarizados con el hecho de que los defectos visuales en los ni\u00f1os no son infrecuentes, llegando a cerca de un 20% de los ni\u00f1os en Chile, de acuerdo a la evidencia actual en estudios poblacionales. Por ello, es muy importante prevenir, para lo cual se requiere que todos los ni\u00f1os(as) vayan a&nbsp;<strong>su primer control de sus ojos a los 4 a\u00f1os<\/strong> y los siguientes seg\u00fan se los sugiera el oftalmopediatra. Finalmente, si ambos padres usan anteojos permanentes (o se han operado de la vista), es sugerible adelantar el control a los 3 a\u00f1os de vida.<\/p>\n","protected":false},"excerpt":{"rendered":"<p>Los defectos visuales en los ni\u00f1os muchas veces son silenciosos y dif\u00edciles de detectar, porque no son conscientes de evaluar su visi\u00f3n, no obstante, hay ciertas se\u00f1ales que podr\u00edan ayudar a los adultos a sospechar que algo no est\u00e1 bien, explica el\u00a0doctor Francisco Conte, oftalmopediatra del Centro de la Visi\u00f3n.<\/p>\n","protected":false},"author":4,"featured_media":5049,"comment_status":"closed","ping_status":"closed","sticky":false,"template":"","format":"standard","meta":{"_monsterinsights_skip_tracking":false,"_monsterinsights_sitenote_active":false,"_monsterinsights_sitenote_note":"","_monsterinsights_sitenote_category":0,"footnotes":""},"categories":[10,6,5],"tags":[83],"class_list":["post-2077","post","type-post","status-publish","format-standard","has-post-thumbnail","hentry","category-estrabismo","category-oftalmologia-general-y-lentes-para-adultos","category-oftalmologia-pediatrica","tag-problemas-visuales-en-los-ninos"],"aioseo_notices":[],"_links":{"self":[{"href":"https:\/\/centrodelavision.cl\/sn\/wp-json\/wp\/v2\/posts\/2077","targetHints":{"allow":["GET"]}}],"collection":[{"href":"https:\/\/centrodelavision.cl\/sn\/wp-json\/wp\/v2\/posts"}],"about":[{"href":"https:\/\/centrodelavision.cl\/sn\/wp-json\/wp\/v2\/types\/post"}],"author":[{"embeddable":true,"href":"https:\/\/centrodelavision.cl\/sn\/wp-json\/wp\/v2\/users\/4"}],"replies":[{"embeddable":true,"href":"https:\/\/centrodelavision.cl\/sn\/wp-json\/wp\/v2\/comments?post=2077"}],"version-history":[{"count":4,"href":"https:\/\/centrodelavision.cl\/sn\/wp-json\/wp\/v2\/posts\/2077\/revisions"}],"predecessor-version":[{"id":4361,"href":"https:\/\/centrodelavision.cl\/sn\/wp-json\/wp\/v2\/posts\/2077\/revisions\/4361"}],"wp:featuredmedia":[{"embeddable":true,"href":"https:\/\/centrodelavision.cl\/sn\/wp-json\/wp\/v2\/media\/5049"}],"wp:attachment":[{"href":"https:\/\/centrodelavision.cl\/sn\/wp-json\/wp\/v2\/media?parent=2077"}],"wp:term":[{"taxonomy":"category","embeddable":true,"href":"https:\/\/centrodelavision.cl\/sn\/wp-json\/wp\/v2\/categories?post=2077"},{"taxonomy":"post_tag","embeddable":true,"href":"https:\/\/centrodelavision.cl\/sn\/wp-json\/wp\/v2\/tags?post=2077"}],"curies":[{"name":"wp","href":"https:\/\/api.w.org\/{rel}","templated":true}]}}