{"id":2150,"date":"2024-06-23T07:36:00","date_gmt":"2024-06-23T07:36:00","guid":{"rendered":"https:\/\/centrodelavision.cl\/sn\/?p=2150"},"modified":"2024-06-26T15:31:12","modified_gmt":"2024-06-26T15:31:12","slug":"mas-de-800-mil-chilenos-ven-mal","status":"publish","type":"post","link":"https:\/\/centrodelavision.cl\/sn\/mas-de-800-mil-chilenos-ven-mal\/","title":{"rendered":"M\u00e1s de 800 mil chilenos ven mal"},"content":{"rendered":"\n<p>El problema radica en que muchos esperan hasta \u00faltima hora para visitar un especialista.<\/p>\n\n\n\n<!--more-->\n\n\n\n<p>La discapacidad visual representa el 36% de todas las discapacidades, es la m\u00e1s importante y afecta a unos 800 mil chilenos que no ven bien. Muchos por patolog\u00edas tratables y evitables. El doctor&nbsp;<a href=\"https:\/\/centrodelavision.cl\/sn\/dr-carlos-espech-lopez\/\" title=\"\"><strong>Carlos Espech, oftalm\u00f3logo del Centro de la Visi\u00f3n<\/strong><\/a>, se\u00f1ala que es un tema recurrente a nivel nacional y creciente en los \u00faltimos a\u00f1os.<\/p>\n\n\n\n<p>\u201cHay personas que ven muy bien de cerca, incluso siendo mayores de 40 a\u00f1os, a diferencia de otros que entorno a esa edad ya se cansan en la lectura. Muchos&nbsp;<strong>dicen no necesito ir al doctor<\/strong> porque veo bien de cerca, pero es muy habitual que eso vaya acompa\u00f1ado de una visi\u00f3n insuficiente para lejos, y se dan cuenta al ser rechazados al momento de renovar la licencia para conducir, ya que no alcanzan a ver lo que exige la ley, por ejemplo\u201d, sostiene.<\/p>\n\n\n\n<p>Para algunos existe un tema de vanidad o est\u00e9tico para no querer usar lentes, aunque en el \u00faltimo tiempo a causa del aumento en el uso y sobreuso de pantallas, cuenta el doctor, son m\u00e1s quieren desean usarlos. \u201cIncluso hay personas que hasta se ponen tristes cuando se les dice que todav\u00eda no es necesario\u201d, indica.<\/p>\n\n\n\n<p><strong>Controles peri\u00f3dicos<\/strong><\/p>\n\n\n\n<p>Evitar ver mal es posible, acudiendo a los controles en forma peri\u00f3dica. \u201cEl control oftalmol\u00f3gico peri\u00f3dico -que debiese ser en los ni\u00f1os desde los 4 a\u00f1os y en los mayores de 40 a\u00f1os anual-, es fundamental porque no solamente se puede ver mal por&nbsp;<strong>un problema exclusivo de lentes<\/strong><strong>.<\/strong> Son muchas otras las enfermedades que pueden estar causando problemas en la visi\u00f3n que son s\u00faper necesarias de diagnosticar a tiempo, como el glaucoma que es silencioso, en general no molesta, y si no se detecta a tiempo todo lo que el paciente haya perdido de visi\u00f3n no es recuperable\u201d, enfatiza.<\/p>\n\n\n\n<p>Es fundamental la educaci\u00f3n para evitar que las personas compren cualquier&nbsp;<strong>lente en la calle<\/strong>. \u201cEs muy negativo comprar los lentes pensando que son mejores mientras m\u00e1s grandes permitan ver las letras. Eso solo acelera la p\u00e9rdida de visi\u00f3n cercana. La recomendaci\u00f3n internacional es que a partir de los 40 a\u00f1os los controles sean anuales. Si en el control el paciente est\u00e1 sano en lo visual y no tiene factores de riesgo ni parientes con enfermedades heredables, el oftalm\u00f3logo lo podr\u00e1 citar cada dos a\u00f1os\u201d, asegura.<\/p>\n","protected":false},"excerpt":{"rendered":"<p>El problema radica en que muchos esperan hasta \u00faltima hora para visitar un especialista.<\/p>\n","protected":false},"author":4,"featured_media":5079,"comment_status":"closed","ping_status":"closed","sticky":false,"template":"","format":"standard","meta":{"_monsterinsights_skip_tracking":false,"_monsterinsights_sitenote_active":false,"_monsterinsights_sitenote_note":"","_monsterinsights_sitenote_category":0,"footnotes":""},"categories":[11,101,6,112],"tags":[65],"class_list":["post-2150","post","type-post","status-publish","format-standard","has-post-thumbnail","hentry","category-cirugia-refractiva-lasik-prk","category-smile-centro-de-la-vision","category-oftalmologia-general-y-lentes-para-adultos","category-smile","tag-vision"],"aioseo_notices":[],"_links":{"self":[{"href":"https:\/\/centrodelavision.cl\/sn\/wp-json\/wp\/v2\/posts\/2150","targetHints":{"allow":["GET"]}}],"collection":[{"href":"https:\/\/centrodelavision.cl\/sn\/wp-json\/wp\/v2\/posts"}],"about":[{"href":"https:\/\/centrodelavision.cl\/sn\/wp-json\/wp\/v2\/types\/post"}],"author":[{"embeddable":true,"href":"https:\/\/centrodelavision.cl\/sn\/wp-json\/wp\/v2\/users\/4"}],"replies":[{"embeddable":true,"href":"https:\/\/centrodelavision.cl\/sn\/wp-json\/wp\/v2\/comments?post=2150"}],"version-history":[{"count":4,"href":"https:\/\/centrodelavision.cl\/sn\/wp-json\/wp\/v2\/posts\/2150\/revisions"}],"predecessor-version":[{"id":4316,"href":"https:\/\/centrodelavision.cl\/sn\/wp-json\/wp\/v2\/posts\/2150\/revisions\/4316"}],"wp:featuredmedia":[{"embeddable":true,"href":"https:\/\/centrodelavision.cl\/sn\/wp-json\/wp\/v2\/media\/5079"}],"wp:attachment":[{"href":"https:\/\/centrodelavision.cl\/sn\/wp-json\/wp\/v2\/media?parent=2150"}],"wp:term":[{"taxonomy":"category","embeddable":true,"href":"https:\/\/centrodelavision.cl\/sn\/wp-json\/wp\/v2\/categories?post=2150"},{"taxonomy":"post_tag","embeddable":true,"href":"https:\/\/centrodelavision.cl\/sn\/wp-json\/wp\/v2\/tags?post=2150"}],"curies":[{"name":"wp","href":"https:\/\/api.w.org\/{rel}","templated":true}]}}