{"id":2233,"date":"2023-03-31T02:42:00","date_gmt":"2023-03-31T02:42:00","guid":{"rendered":"https:\/\/centrodelavision.cl\/sn\/?p=2233"},"modified":"2023-04-08T14:55:50","modified_gmt":"2023-04-08T14:55:50","slug":"cuando-un-nino-tiene-que-ocupar-lentes","status":"publish","type":"post","link":"https:\/\/centrodelavision.cl\/sn\/cuando-un-nino-tiene-que-ocupar-lentes\/","title":{"rendered":"\u00bfCu\u00e1ndo un ni\u00f1o tiene que ocupar lentes?"},"content":{"rendered":"\n<p>Es clave que padres est\u00e9n alertas a la visi\u00f3n de sus hijos ya que, si en los primeros a\u00f1os de vida algo impide que el cerebro reciba im\u00e1genes n\u00edtidas, se produce una baja en el potencial visual que quedar\u00e1 as\u00ed por toda la vida si no se corrige a tiempo. <\/p>\n\n\n\n<!--more-->\n\n\n\n<p>\u00bfA qu\u00e9 se\u00f1ales hay que estar atentos para consultar?<\/p>\n\n\n\n<p>La doctora <a href=\"https:\/\/centrodelavision.cl\/sn\/dr-alejandra-roizen-bercovich\/\" title=\"\">Alejandra Roizen<\/a>, oftalm\u00f3loga del\u00a0Centro de la Visi\u00f3n \u2013 Red Centro Oftalmol\u00f3gico L\u00e1ser, explica que los ni\u00f1os desarrollan su visi\u00f3n hasta los 9 a\u00f1os. Eso quiere decir que, si bien todos nacemos con el potencial de ver, necesitamos tener una experiencia visual apropiada para lograr desarrollar todo ese potencial.<\/p>\n\n\n\n<p>\u201cEs por eso que todo ni\u00f1o debe tener un control oftalmol\u00f3gico a los 4 a\u00f1os. En caso de tener padres con problemas importantes de visi\u00f3n, la primera consulta se realiza alrededor del a\u00f1o y, en el caso de que le noten al ni\u00f1o antes cosas como desviaci\u00f3n ocular, o cualquier cosa que haga sospechar a los padres que este ni\u00f1o podr\u00eda no ver bien deben consultar en ese momento\u201d, se\u00f1ala.<\/p>\n\n\n\n<p>Con respecto al uso de lentes, aclara que a cualquier edad se puede diagnosticar un problema de visi\u00f3n y que, cuando es necesario, no hay l\u00edmite en ese sentido para poder adaptar un lente.<\/p>\n\n\n\n<p>S\u00edntomas de defectos refractivos<\/p>\n\n\n\n<p>Los ni\u00f1os pueden necesitar lentes cuando presentan un defecto refractivo que pueda interferir con el desarrollo visual de uno o ambos ojos. Este defecto puede estar en el contexto de una desviaci\u00f3n ocular o en la causa de s\u00edntomas como:<\/p>\n\n\n\n<p><strong>&gt;<\/strong>&nbsp;Acercarse demasiado para ver.<br><strong>&gt;<\/strong>&nbsp;Girar la cabeza para ver algo espec\u00edfico.<br><strong>&gt;<\/strong>&nbsp;Mal desempe\u00f1o escolar.<br><strong>&gt;<\/strong>&nbsp;Ca\u00eddas frecuentes.<br><strong>&gt;<\/strong>&nbsp;Dolor de cabeza.<br><strong>&gt;<\/strong>&nbsp;Aversi\u00f3n a la lectura.<br><strong>&gt;<\/strong>&nbsp;Mareos y cansancio.<\/p>\n\n\n\n<p>Los defectos refractivos de los ni\u00f1os pueden ser hipermetrop\u00eda, miop\u00eda o astigmatismo y la decisi\u00f3n de cuando recetar lentes va a depender de la edad del ni\u00f1o, de su nivel de defecto y de la simetr\u00eda de este en ambos ojos.<\/p>\n\n\n\n<p>La especialista especifica al respecto que \u201cuna vez usando los lentes, se debe controlar dependiendo de si hay factores asociados. En caso de mal desarrollo de uno o ambos ojos o si se asocia a estrabismo, los controles ser\u00e1n m\u00e1s seguidos; lo mismo si el defecto es muy grande o el ni\u00f1o muy peque\u00f1o. En otros casos, generalmente los lentes se chequean 1 o 2 veces al a\u00f1o.<\/p>\n\n\n\n<p>Recomendaciones para padres<\/p>\n\n\n\n<p>Asimismo, la oftalm\u00f3loga comenta que es importante que los padres tomen la indicaci\u00f3n del uso de lentes de la manera m\u00e1s positiva posible; ellos deben ser categ\u00f3ricos y disciplinados en trasmitir la necesidad de uso a sus hijos.<\/p>\n\n\n\n<p>\u201cNo se le indica un \u2018lente de descanso\u2019 a un ni\u00f1o peque\u00f1o, se recomienda cuando es muy necesario y las consecuencias de no usarlo pueden durar toda la vida. Se debe tomar como una suerte el poder haberse dado cuenta a tiempo\u201d, advierte.<\/p>\n\n\n\n<p>Para llevar este proceso de la mejor manera, sugiere:<\/p>\n\n\n\n<p><strong>&gt;<\/strong>&nbsp;Buscar lentes apropiados para la cara del ni\u00f1o.<br><strong>&gt;<\/strong>&nbsp;En caso de tener edad suficiente, es bueno que ellos elijan el marco, para que le guste y se motive a usarlo.<br><strong>&gt;<\/strong>&nbsp;Los lentes deben quedar bien ajustados frente a los ojos, ser org\u00e1nicos o de policarbonato nunca de cristal (por el riesgo de ca\u00eddas y accidentes en los ni\u00f1os).<\/p>\n\n\n\n<p><strong>Lentes en coronavirus<\/strong><\/p>\n\n\n\n<p>La doctora aclara que, en el contexto de la pandemia por coronavirus, los anteojos son incluso una barrera protectora en caso de ser manipulados con las manos limpias y que no los toque ning\u00fan infectado, ya que constituyen un obst\u00e1culo que aleja posibles contagios.<\/p>\n\n\n\n<p>En cuanto a los controles, dice que \u201csi hay pacientes que requieren cambiar sus lentes y estos est\u00e1n en buenas condiciones, puede postergarse por un per\u00edodo limitado de tiempo, pero si est\u00e1n rayados o sueltos o se perdieron, o el paciente est\u00e1 manifestando sintomatolog\u00eda, es mejor acudir a revisarlos\u201d.<\/p>\n\n\n\n<p>En caso de tener que ir presencialmente, asegura que&nbsp;\u201cactualmente en el Centro de la Visi\u00f3n contamos con todas las medidas de cuidado recomendadas para la seguridad de todos\u201d. Para la visita sugiere seguir todas las precauciones conocidas:<\/p>\n\n\n\n<p><strong>&gt;<\/strong>&nbsp;Ojal\u00e1 que asista solo un adulto y el ni\u00f1o paciente,<br><strong>&gt;<\/strong>&nbsp;Ambos deben usar mascarilla.<br><strong>&gt;<\/strong>&nbsp;Lavarse las manos frecuentemente y usar alcohol gel.<br><strong>&gt;<\/strong>&nbsp;No acercarse a nadie m\u00e1s de 1.5 metros.<br><strong>&gt;<\/strong>&nbsp;No acudir en caso de tener sintomatolog\u00eda como dolor de cabeza, fiebre, tos o dolor muscular\u201d.<\/p>\n\n\n\n<p>Agrega que \u201clamentablemente no es posible realizar este control utilizando telemedicina. Si se trata de un control de rutina de los 4 a\u00f1os, puede postergarse un par de meses si no hay ning\u00fan s\u00edntoma o antecedente de sospecha de patolog\u00eda. En caso contrario, es posible asistir a consulta tomando las medidas de seguridad mencionadas\u201d.<\/p>\n\n\n\n<p><strong>\u00bfSe recomiendan los lentes de contactos en ni\u00f1o?<\/strong><\/p>\n\n\n\n<p>Los ni\u00f1os pueden usar lentes de contacto en general a partir de la adolescencia en caso de motivaci\u00f3n y compromiso con el cuidado de ellos. Es una decisi\u00f3n que se toma en conjunto con la familia del paciente para evaluar si el paciente ser\u00e1 capaz de hacerse responsable.<\/p>\n\n\n\n<p>Es posible adaptar lentes de contacto a edades m\u00e1s precoces, incluso en lactantes en ciertos casos espec\u00edficos por indicaci\u00f3n m\u00e9dica. Hay que evaluar caso a caso para tomar esta decisi\u00f3n. En estos momentos de emergencia sanitaria, por la manipulaci\u00f3n del ojo que requieren los lentes de contacto, no son recomendables en la mayor\u00eda de los casos, con ciertas excepciones. Deben siempre manipularse con extremo cuidado, lavarse las manos minuciosamente antes de ponerlos o sacarlos y guardarlos en un estuche limpio con los l\u00edquidos apropiados.<\/p>\n","protected":false},"excerpt":{"rendered":"<p>Es clave que padres est\u00e9n alertas a la visi\u00f3n de sus hijos ya que, si en los primeros a\u00f1os de vida algo impide que el cerebro reciba im\u00e1genes n\u00edtidas, se produce una baja en el potencial visual que quedar\u00e1 as\u00ed por toda la vida si no se corrige a tiempo.<\/p>\n","protected":false},"author":4,"featured_media":4364,"comment_status":"closed","ping_status":"closed","sticky":false,"template":"","format":"standard","meta":{"_monsterinsights_skip_tracking":false,"_monsterinsights_sitenote_active":false,"_monsterinsights_sitenote_note":"","_monsterinsights_sitenote_category":0,"footnotes":""},"categories":[5],"tags":[15],"class_list":["post-2233","post","type-post","status-publish","format-standard","has-post-thumbnail","hentry","category-oftalmologia-pediatrica","tag-oftalmologia-pediatrica"],"aioseo_notices":[],"_links":{"self":[{"href":"https:\/\/centrodelavision.cl\/sn\/wp-json\/wp\/v2\/posts\/2233","targetHints":{"allow":["GET"]}}],"collection":[{"href":"https:\/\/centrodelavision.cl\/sn\/wp-json\/wp\/v2\/posts"}],"about":[{"href":"https:\/\/centrodelavision.cl\/sn\/wp-json\/wp\/v2\/types\/post"}],"author":[{"embeddable":true,"href":"https:\/\/centrodelavision.cl\/sn\/wp-json\/wp\/v2\/users\/4"}],"replies":[{"embeddable":true,"href":"https:\/\/centrodelavision.cl\/sn\/wp-json\/wp\/v2\/comments?post=2233"}],"version-history":[{"count":4,"href":"https:\/\/centrodelavision.cl\/sn\/wp-json\/wp\/v2\/posts\/2233\/revisions"}],"predecessor-version":[{"id":4365,"href":"https:\/\/centrodelavision.cl\/sn\/wp-json\/wp\/v2\/posts\/2233\/revisions\/4365"}],"wp:featuredmedia":[{"embeddable":true,"href":"https:\/\/centrodelavision.cl\/sn\/wp-json\/wp\/v2\/media\/4364"}],"wp:attachment":[{"href":"https:\/\/centrodelavision.cl\/sn\/wp-json\/wp\/v2\/media?parent=2233"}],"wp:term":[{"taxonomy":"category","embeddable":true,"href":"https:\/\/centrodelavision.cl\/sn\/wp-json\/wp\/v2\/categories?post=2233"},{"taxonomy":"post_tag","embeddable":true,"href":"https:\/\/centrodelavision.cl\/sn\/wp-json\/wp\/v2\/tags?post=2233"}],"curies":[{"name":"wp","href":"https:\/\/api.w.org\/{rel}","templated":true}]}}