{"id":3824,"date":"2024-09-08T06:32:00","date_gmt":"2024-09-08T06:32:00","guid":{"rendered":"https:\/\/centrodelavision.cl\/sn\/?p=3824"},"modified":"2024-09-16T06:33:49","modified_gmt":"2024-09-16T06:33:49","slug":"cirugia-refractiva-laser","status":"publish","type":"post","link":"https:\/\/centrodelavision.cl\/sn\/cirugia-refractiva-laser\/","title":{"rendered":"CIRUGIA REFRACTIVA LASER"},"content":{"rendered":"\n<p>Hace varios a\u00f1os ya, por los 70, hubo una pel\u00edcula llamada \u201cFuga en el Siglo XXIII\u201d o la \u201cFuga de Logan\u201d, en la que el actor principal (Michael York), usaba unos gruesos lentes. \u00c9ste, un d\u00eda, da con una ciudad futurista, donde es recibido e ingresado a un pabell\u00f3n quir\u00fargico. En este lugar le sacan los lentes y lo posicionan bajo un l\u00e1ser gigante, que le apunta a sus ojos y en tan s\u00f3lo segundos le corrigen completamente su visi\u00f3n, quedando sin lentes. Dicha escena result\u00f3 ser una predicci\u00f3n incre\u00edble de lo que vendr\u00eda m\u00e1s adelante, en una \u00e9poca que era impensable una tecnolog\u00eda que lograra ese efecto. Sin embargo, en los a\u00f1os 90 ya aparec\u00eda el L\u00e1ser Excimer replicando esta ciencia ficci\u00f3n, y posteriormente vendr\u00eda&nbsp; el desarrollo de los l\u00e1seres de Femtosegundo.<\/p>\n\n\n\n<!--more-->\n\n\n\n<hr class=\"wp-block-separator has-alpha-channel-opacity\"\/>\n\n\n\n<p><strong><mark style=\"background-color:rgba(0, 0, 0, 0)\" class=\"has-inline-color has-dentco-color\">PRK (Photorefractive Keratectomy) o&nbsp;queratectom\u00eda fotorrefractiva<\/mark><\/strong><\/p>\n\n\n\n<p>La t\u00e9cnica&nbsp;<strong>PRK<\/strong>&nbsp; usa un&nbsp; l\u00e1ser Excimer para corregir defectos visuales, como&nbsp; miop\u00eda, hipermetrop\u00eda y astigmatismo.<\/p>\n\n\n\n<figure class=\"wp-block-gallery has-nested-images columns-default is-cropped wp-block-gallery-1 is-layout-flex wp-block-gallery-is-layout-flex\">\n<figure class=\"wp-block-image size-full\"><img loading=\"lazy\" decoding=\"async\" width=\"426\" height=\"244\" data-id=\"3828\" src=\"https:\/\/centrodelavision.cl\/sn\/wp-content\/uploads\/2022\/10\/image-1.png\" alt=\"\" class=\"wp-image-3828\" srcset=\"https:\/\/centrodelavision.cl\/sn\/wp-content\/uploads\/2022\/10\/image-1.png 426w, https:\/\/centrodelavision.cl\/sn\/wp-content\/uploads\/2022\/10\/image-1-300x172.png 300w\" sizes=\"auto, (max-width: 426px) 100vw, 426px\" \/><\/figure>\n\n\n\n<figure class=\"wp-block-image size-full\"><img loading=\"lazy\" decoding=\"async\" width=\"1200\" height=\"600\" data-id=\"3869\" src=\"https:\/\/centrodelavision.cl\/sn\/wp-content\/uploads\/2022\/10\/REFRACTIVA1200x600-px.jpeg\" alt=\"\" class=\"wp-image-3869\" srcset=\"https:\/\/centrodelavision.cl\/sn\/wp-content\/uploads\/2022\/10\/REFRACTIVA1200x600-px.jpeg 1200w, https:\/\/centrodelavision.cl\/sn\/wp-content\/uploads\/2022\/10\/REFRACTIVA1200x600-px-300x150.jpeg 300w, https:\/\/centrodelavision.cl\/sn\/wp-content\/uploads\/2022\/10\/REFRACTIVA1200x600-px-768x384.jpeg 768w, https:\/\/centrodelavision.cl\/sn\/wp-content\/uploads\/2022\/10\/REFRACTIVA1200x600-px-600x300.jpeg 600w\" sizes=\"auto, (max-width: 1200px) 100vw, 1200px\" \/><\/figure>\n<\/figure>\n\n\n\n<p>El l\u00e1ser talla directamente sobre la superficie de la c\u00f3rnea, remodelandola a semejanza de un torno microsc\u00f3pico, modificanndo su curvatura y corrigiendo en unos pocos minutos los defectos de la visi\u00f3n.<\/p>\n\n\n\n<p>La cirug\u00eda se hace&nbsp; con anestesia t\u00f3pica.<\/p>\n\n\n\n<p>Despu\u00e9s de la intervenci\u00f3n, el paciente se va a su casa y puede realizar vida pr\u00e1cticamente normal: como visi\u00f3n de televisi\u00f3n, uso de computadores, o lectura, si bien en los primeros d\u00edas la visi\u00f3n puede ser algo borrosa, pero mejorando significativamente&nbsp; en d\u00edas posteriores. Esta t\u00e9cnica se usa de preferencia en algunos casos&nbsp; como pacientes con c\u00f3rneas delgadas, que tienen una mayor resequedad o para aquellos que practican deportes de contacto o trabajos en los cuales pueden recibir golpes en sus ojos.<\/p>\n\n\n\n<hr class=\"wp-block-separator has-alpha-channel-opacity\"\/>\n\n\n\n<p><strong><mark style=\"background-color:rgba(0, 0, 0, 0)\" class=\"has-inline-color has-dentco-color\">LASIK&nbsp; (Laser Assisted In-situ Keratomileusis) Queratomileusis asistida por L\u00e1ser.<\/mark><\/strong><\/p>\n\n\n\n<p>Esta t\u00e9cnica tambien permite corregir defectos visuales, como&nbsp; miop\u00eda, hipermetrop\u00eda y astigmatismo.<\/p>\n\n\n\n<p>A diferencia de la PRK, utiliza 2 l\u00e1seres distintos.&nbsp; Un l\u00e1ser de Femtosegundo para tallar una delgada membrana de aproximadamente 100 micras (flap) en kla superficie de la c\u00f3rnea y&nbsp; que se levanta doblandola como una hoja de papel de un libro, permitiendo luego tallar por debajo&nbsp; con un Excimer l\u00e1ser, permitiendo una remodelaci\u00f3nque permite&nbsp; corregir miop\u00edas, astigmat\u00edsmo e hipermetrop\u00edas. Posteriormente se vuelve a colocar la membrana levantada en su lugar, quedando as\u00ed la c\u00f3rnea nuevamente reestructurada.<\/p>\n\n\n\n<figure class=\"wp-block-gallery has-nested-images columns-default is-cropped wp-block-gallery-2 is-layout-flex wp-block-gallery-is-layout-flex\">\n<figure class=\"wp-block-image size-large\"><img loading=\"lazy\" decoding=\"async\" width=\"330\" height=\"276\" data-id=\"3836\" src=\"https:\/\/centrodelavision.cl\/sn\/wp-content\/uploads\/2022\/10\/image-3-1.png\" alt=\"\" class=\"wp-image-3836\" srcset=\"https:\/\/centrodelavision.cl\/sn\/wp-content\/uploads\/2022\/10\/image-3-1.png 330w, https:\/\/centrodelavision.cl\/sn\/wp-content\/uploads\/2022\/10\/image-3-1-300x251.png 300w\" sizes=\"auto, (max-width: 330px) 100vw, 330px\" \/><\/figure>\n\n\n\n<figure class=\"wp-block-image size-large\"><img loading=\"lazy\" decoding=\"async\" width=\"404\" height=\"244\" data-id=\"3837\" src=\"https:\/\/centrodelavision.cl\/sn\/wp-content\/uploads\/2022\/10\/image-2.png\" alt=\"\" class=\"wp-image-3837\" srcset=\"https:\/\/centrodelavision.cl\/sn\/wp-content\/uploads\/2022\/10\/image-2.png 404w, https:\/\/centrodelavision.cl\/sn\/wp-content\/uploads\/2022\/10\/image-2-300x181.png 300w\" sizes=\"auto, (max-width: 404px) 100vw, 404px\" \/><\/figure>\n<\/figure>\n\n\n\n<p>La ventaja sobre la PRK, es que esta t\u00e9cnica practicamente no da molestias y la recuperaci\u00f3n visual es m\u00e1s r\u00e1pida.<\/p>\n\n\n\n<hr class=\"wp-block-separator has-alpha-channel-opacity\"\/>\n\n\n\n<p><mark style=\"background-color:rgba(0, 0, 0, 0)\" class=\"has-inline-color has-dentco-color\"><strong>SMILE<\/strong>\u00a0 (<strong>S<\/strong>mall <strong>I<\/strong>ncision <strong>L<\/strong>enticule <strong>E<\/strong>xtraction)<\/mark><\/p>\n\n\n\n<p>El procedimiento se hace a trav\u00e9s de un solo l\u00e1ser de Femtosegundo (VisuMax\u00ae de 500 kHz producido por la casa Zeiss, CZM, Jena, Alemania)., con&nbsp; un&nbsp; muy bajo tiempo de tratamiento.<\/p>\n\n\n\n<p>Esta t\u00e9cnica consiste en realizar con l\u00e1ser &nbsp;un lenticulo de un grosor predeterminado, de un grosor de micrones, y calculado computacionalmente a traves de una ecuaci\u00f3n matem\u00e1tica. Esto permite cambiar el grosor y la curvatura de la c\u00f3rnea, modificando as\u00ed su poder refractivo, corrigiendo entonces miop\u00edas y astigmatismos.&nbsp; Este lenticulo debe ser extra\u00eddo finalmente por una incisi\u00f3n microsc\u00f3pica.<\/p>\n\n\n\n<figure class=\"wp-block-gallery has-nested-images columns-default is-cropped wp-block-gallery-3 is-layout-flex wp-block-gallery-is-layout-flex\">\n<figure class=\"wp-block-image size-large\"><img loading=\"lazy\" decoding=\"async\" width=\"378\" height=\"185\" data-id=\"3745\" src=\"https:\/\/centrodelavision.cl\/sn\/wp-content\/uploads\/2022\/10\/smilepeq3.jpg\" alt=\"\" class=\"wp-image-3745\" srcset=\"https:\/\/centrodelavision.cl\/sn\/wp-content\/uploads\/2022\/10\/smilepeq3.jpg 378w, https:\/\/centrodelavision.cl\/sn\/wp-content\/uploads\/2022\/10\/smilepeq3-300x147.jpg 300w\" sizes=\"auto, (max-width: 378px) 100vw, 378px\" \/><\/figure>\n\n\n\n<figure class=\"wp-block-image size-large\"><img loading=\"lazy\" decoding=\"async\" width=\"374\" height=\"185\" data-id=\"3746\" src=\"https:\/\/centrodelavision.cl\/sn\/wp-content\/uploads\/2022\/10\/smilepeq4.jpg\" alt=\"\" class=\"wp-image-3746\" srcset=\"https:\/\/centrodelavision.cl\/sn\/wp-content\/uploads\/2022\/10\/smilepeq4.jpg 374w, https:\/\/centrodelavision.cl\/sn\/wp-content\/uploads\/2022\/10\/smilepeq4-300x148.jpg 300w\" sizes=\"auto, (max-width: 374px) 100vw, 374px\" \/><\/figure>\n<\/figure>\n\n\n\n<p>&nbsp;A diferencia del LASIK, el SMILE no requiere la realizaci\u00f3n de un flap, lo que determina una menor alteraci\u00f3n de la sensibilidad corneal y una menor resequedad, dando a esta t\u00e9cnica un valor agregado en el arsenal refractivo. En relaci\u00f3n a PRK, sin duda es un gran avance, ya que al no tocar el epitelio en la superficie, disminuye las molestias en el post operatorio, permitiendo una recuperaci\u00f3n visual mucho m\u00e1s r\u00e1pida. Otra ventaja comparativa con respecto al LASIK ser\u00eda una mayor estabilidad biomec\u00e1nica de la c\u00f3rnea.<\/p>\n\n\n\n<p>El procedimiento se realiza bajo anestesia en gotas.<\/p>\n\n\n\n<figure class=\"wp-block-gallery has-nested-images columns-default is-cropped wp-block-gallery-4 is-layout-flex wp-block-gallery-is-layout-flex\">\n<figure class=\"wp-block-image size-large\"><img loading=\"lazy\" decoding=\"async\" width=\"338\" height=\"268\" data-id=\"3839\" src=\"https:\/\/centrodelavision.cl\/sn\/wp-content\/uploads\/2022\/10\/image-4.png\" alt=\"\" class=\"wp-image-3839\" srcset=\"https:\/\/centrodelavision.cl\/sn\/wp-content\/uploads\/2022\/10\/image-4.png 338w, https:\/\/centrodelavision.cl\/sn\/wp-content\/uploads\/2022\/10\/image-4-300x238.png 300w\" sizes=\"auto, (max-width: 338px) 100vw, 338px\" \/><\/figure>\n\n\n\n<figure class=\"wp-block-image\"><img decoding=\"async\" src=\"https:\/\/centrodelavision.cl\/sn\/wp-content\/uploads\/2022\/10\/image005-1-1.jpg\" alt=\"La imagen tiene un atributo ALT vac\u00edo; su nombre de archivo es image005-1-1.jpg\"\/><\/figure>\n<\/figure>\n\n\n\n<p><\/p>\n","protected":false},"excerpt":{"rendered":"<p>Hace varios a\u00f1os ya, por los 70, hubo una pel\u00edcula llamada \u201cFuga en el Siglo XXIII\u201d o la \u201cFuga de Logan\u201d, en la que el actor principal (Michael York), usaba unos gruesos lentes. \u00c9ste, un d\u00eda, da con una ciudad futurista, donde es recibido e ingresado a un pabell\u00f3n quir\u00fargico. En este lugar le sacan <\/p>\n<div class=\"btn-more-wrapper\"><a href=\"https:\/\/centrodelavision.cl\/sn\/cirugia-refractiva-laser\/\" class=\"btn btn-sm btn-hover-fill\"><svg class=\"icon icon-right-arrow\" version=\"1.1\" xmlns=\"http:\/\/www.w3.org\/2000\/svg\" width=\"32\" height=\"32\" viewBox=\"0 0 32 32\"><path d=\"M21.548 5.088c-0.436-0.451-1.162-0.451-1.613 0-0.436 0.436-0.436 1.162 0 1.596l8.177 8.177h-26.984c-0.629 0.001-1.129 0.501-1.129 1.13s0.5 1.145 1.129 1.145h26.984l-8.177 8.162c-0.436 0.451-0.436 1.178 0 1.613 0.451 0.451 1.178 0.451 1.613 0l10.113-10.113c0.451-0.436 0.451-1.162 0-1.596l-10.113-10.114z\"><\/path><\/svg>Read More<span class=\"screen-reader-text\"> \u00abCIRUGIA REFRACTIVA LASER\u00bb<\/span><svg class=\"icon icon-right-arrow\" version=\"1.1\" xmlns=\"http:\/\/www.w3.org\/2000\/svg\" width=\"32\" height=\"32\" viewBox=\"0 0 32 32\"><path d=\"M21.548 5.088c-0.436-0.451-1.162-0.451-1.613 0-0.436 0.436-0.436 1.162 0 1.596l8.177 8.177h-26.984c-0.629 0.001-1.129 0.501-1.129 1.13s0.5 1.145 1.129 1.145h26.984l-8.177 8.162c-0.436 0.451-0.436 1.178 0 1.613 0.451 0.451 1.178 0.451 1.613 0l10.113-10.113c0.451-0.436 0.451-1.162 0-1.596l-10.113-10.114z\"><\/path><\/svg><\/a><\/div>\n","protected":false},"author":4,"featured_media":5119,"comment_status":"closed","ping_status":"closed","sticky":false,"template":"","format":"standard","meta":{"_monsterinsights_skip_tracking":false,"_monsterinsights_sitenote_active":false,"_monsterinsights_sitenote_note":"","_monsterinsights_sitenote_category":0,"footnotes":""},"categories":[11,101],"tags":[],"class_list":["post-3824","post","type-post","status-publish","format-standard","has-post-thumbnail","hentry","category-cirugia-refractiva-lasik-prk","category-smile-centro-de-la-vision"],"aioseo_notices":[],"_links":{"self":[{"href":"https:\/\/centrodelavision.cl\/sn\/wp-json\/wp\/v2\/posts\/3824","targetHints":{"allow":["GET"]}}],"collection":[{"href":"https:\/\/centrodelavision.cl\/sn\/wp-json\/wp\/v2\/posts"}],"about":[{"href":"https:\/\/centrodelavision.cl\/sn\/wp-json\/wp\/v2\/types\/post"}],"author":[{"embeddable":true,"href":"https:\/\/centrodelavision.cl\/sn\/wp-json\/wp\/v2\/users\/4"}],"replies":[{"embeddable":true,"href":"https:\/\/centrodelavision.cl\/sn\/wp-json\/wp\/v2\/comments?post=3824"}],"version-history":[{"count":17,"href":"https:\/\/centrodelavision.cl\/sn\/wp-json\/wp\/v2\/posts\/3824\/revisions"}],"predecessor-version":[{"id":3896,"href":"https:\/\/centrodelavision.cl\/sn\/wp-json\/wp\/v2\/posts\/3824\/revisions\/3896"}],"wp:featuredmedia":[{"embeddable":true,"href":"https:\/\/centrodelavision.cl\/sn\/wp-json\/wp\/v2\/media\/5119"}],"wp:attachment":[{"href":"https:\/\/centrodelavision.cl\/sn\/wp-json\/wp\/v2\/media?parent=3824"}],"wp:term":[{"taxonomy":"category","embeddable":true,"href":"https:\/\/centrodelavision.cl\/sn\/wp-json\/wp\/v2\/categories?post=3824"},{"taxonomy":"post_tag","embeddable":true,"href":"https:\/\/centrodelavision.cl\/sn\/wp-json\/wp\/v2\/tags?post=3824"}],"curies":[{"name":"wp","href":"https:\/\/api.w.org\/{rel}","templated":true}]}}