{"id":3911,"date":"2024-05-26T03:32:00","date_gmt":"2024-05-26T03:32:00","guid":{"rendered":"https:\/\/centrodelavision.cl\/sn\/?p=3911"},"modified":"2024-05-29T01:04:05","modified_gmt":"2024-05-29T01:04:05","slug":"mi-hijo-tiene-estrabismo-2","status":"publish","type":"post","link":"https:\/\/centrodelavision.cl\/sn\/mi-hijo-tiene-estrabismo-2\/","title":{"rendered":"\u00bfMi hijo tiene estrabismo?"},"content":{"rendered":"\n<p>El signo m\u00e1s evidente para identificar el Estrabismo infantil es la&nbsp;<strong>desviaci\u00f3n ocular<\/strong>.<\/p>\n\n\n\n<p>\u201cOtros\u00a0 signos son\u00a0 una\u00a0<strong>posici\u00f3n an\u00f3mala de la cabeza<\/strong>\u00a0(tort\u00edcolis),\u00a0<strong>gui\u00f1o<\/strong>\u00a0de un ojo frente a la luz o\u00a0<strong>muy baja visi\u00f3n de un ojo<\/strong>\u201d, cuenta el\u00a0<a href=\"https:\/\/centrodelavision.cl\/sn\/dr-francisco-jose-conte-silva\/\" title=\"\"><strong>doctor Francisco Conte, oftalm\u00f3logo pedi\u00e1trico<\/strong><\/a><strong>\u00a0del\u00a0<\/strong><a href=\"https:\/\/www.centrodelavision.cl\/\"><strong>Centro de la Visi\u00f3n.<\/strong><\/a><\/p>\n\n\n\n<!--more-->\n\n\n\n<p>El Estrab\u00edsmo si no es tratado. puede causar serios problemas de la visi\u00f3n, con riesgo de &nbsp;p\u00e9rdida permanente del ojo m\u00e1s &nbsp;afectado, lo que se conoce como&nbsp;<strong>Ambliop\u00eda&nbsp;u \u201cojo flojo\u201d.<\/strong><\/p>\n\n\n\n<p><br>Por esto, los especialistas aconsejan que los padres est\u00e9n siempre atentos a los signos de &nbsp;alerta de este problema, y realizar un&nbsp;<strong>chequeo<\/strong><strong> preventivo visual de los ni\u00f1os a los 4<\/strong>&nbsp;<strong>a\u00f1os<\/strong>, en el cual el oftalm\u00f3logo pedi\u00e1trico podr\u00e1 diagnosticar y tratar \u00e9sta y otras enfermedades oculares.<\/p>\n\n\n\n<p><strong>Identificar el estrabismo<\/strong><\/p>\n\n\n\n<p><strong>Secuelas<\/strong><\/p>\n\n\n\n<p>Adem\u00e1s de la ambliop\u00eda, esta enfermedad puede generar alteraciones en&nbsp;<strong>la visi\u00f3n tridimensional o estereopsis<\/strong>, una funci\u00f3n muy importante que es relevante para realizar muchas actividades de la vida adulta, entre ellas la conducci\u00f3n de veh\u00edculos.<\/p>\n\n\n\n<p>\u201cAdem\u00e1s no hay que olvidarse de las&nbsp;<strong>consecuencias psicosociales <\/strong>&nbsp;al tener una desviaci\u00f3n ocular que afecta la est\u00e9tica <strong>de los ni\u00f1os<\/strong>, lo que ocasiona muchas veces bullying por parte de sus pares.<\/p>\n\n\n\n<p>Tode esto puede ser prevenible con un&nbsp;<strong>tratamiento precoz y oportuno<\/strong>\u201d, explica el doctor Conte.<\/p>\n","protected":false},"excerpt":{"rendered":"<p>El signo m\u00e1s evidente para identificar el Estrabismo infantil es la&nbsp;desviaci\u00f3n ocular. \u201cOtros\u00a0 signos son\u00a0 una\u00a0posici\u00f3n an\u00f3mala de la cabeza\u00a0(tort\u00edcolis),\u00a0gui\u00f1o\u00a0de un ojo frente a la luz o\u00a0muy baja visi\u00f3n de un ojo\u201d, cuenta el\u00a0doctor Francisco Conte, oftalm\u00f3logo pedi\u00e1trico\u00a0del\u00a0Centro de la Visi\u00f3n.<\/p>\n","protected":false},"author":4,"featured_media":5066,"comment_status":"closed","ping_status":"closed","sticky":false,"template":"","format":"standard","meta":{"_monsterinsights_skip_tracking":false,"_monsterinsights_sitenote_active":false,"_monsterinsights_sitenote_note":"","_monsterinsights_sitenote_category":0,"footnotes":""},"categories":[10,6,5],"tags":[105],"class_list":["post-3911","post","type-post","status-publish","format-standard","has-post-thumbnail","hentry","category-estrabismo","category-oftalmologia-general-y-lentes-para-adultos","category-oftalmologia-pediatrica","tag-mi-hijo-tiene-estrabismo"],"aioseo_notices":[],"_links":{"self":[{"href":"https:\/\/centrodelavision.cl\/sn\/wp-json\/wp\/v2\/posts\/3911","targetHints":{"allow":["GET"]}}],"collection":[{"href":"https:\/\/centrodelavision.cl\/sn\/wp-json\/wp\/v2\/posts"}],"about":[{"href":"https:\/\/centrodelavision.cl\/sn\/wp-json\/wp\/v2\/types\/post"}],"author":[{"embeddable":true,"href":"https:\/\/centrodelavision.cl\/sn\/wp-json\/wp\/v2\/users\/4"}],"replies":[{"embeddable":true,"href":"https:\/\/centrodelavision.cl\/sn\/wp-json\/wp\/v2\/comments?post=3911"}],"version-history":[{"count":1,"href":"https:\/\/centrodelavision.cl\/sn\/wp-json\/wp\/v2\/posts\/3911\/revisions"}],"predecessor-version":[{"id":3913,"href":"https:\/\/centrodelavision.cl\/sn\/wp-json\/wp\/v2\/posts\/3911\/revisions\/3913"}],"wp:featuredmedia":[{"embeddable":true,"href":"https:\/\/centrodelavision.cl\/sn\/wp-json\/wp\/v2\/media\/5066"}],"wp:attachment":[{"href":"https:\/\/centrodelavision.cl\/sn\/wp-json\/wp\/v2\/media?parent=3911"}],"wp:term":[{"taxonomy":"category","embeddable":true,"href":"https:\/\/centrodelavision.cl\/sn\/wp-json\/wp\/v2\/categories?post=3911"},{"taxonomy":"post_tag","embeddable":true,"href":"https:\/\/centrodelavision.cl\/sn\/wp-json\/wp\/v2\/tags?post=3911"}],"curies":[{"name":"wp","href":"https:\/\/api.w.org\/{rel}","templated":true}]}}