{"id":4426,"date":"2025-05-25T05:09:00","date_gmt":"2025-05-25T05:09:00","guid":{"rendered":"https:\/\/centrodelavision.cl\/sn\/?p=4426"},"modified":"2025-06-10T06:00:03","modified_gmt":"2025-06-10T06:00:03","slug":"que-es-la-catarata-y-como-se-corrige","status":"publish","type":"post","link":"https:\/\/centrodelavision.cl\/sn\/que-es-la-catarata-y-como-se-corrige\/","title":{"rendered":"\u00bfQu\u00e9 es la catarata y c\u00f3mo se corrige?"},"content":{"rendered":"\n<p>Las cataratas ocurren cuando el lente cristalino del ojo se vuelve opaco, lo que provoca una disminuci\u00f3n en la visi\u00f3n. Es una condici\u00f3n muy com\u00fan, principalmente como resultado natural del envejecimiento, pero tambi\u00e9n pueden ser causadas por otras enfermedades oculares, sist\u00e9micas, medicamentos, por herencia gen\u00e9tica y lesiones traum\u00e1ticas directas.<\/p>\n\n\n\n<!--more-->\n\n\n\n<p><br><a href=\"https:\/\/centrodelavision.cl\/sn\/dr-felipe-mellado-correa\/\" title=\"\">El Doctor Felipe Mellado<\/a>, oftalm\u00f3logo del centro de la visi\u00f3n especialista en cataratas, nos comenta que el tratamiento definitivo para la resoluci\u00f3n de la catarata y mejor\u00eda de la visi\u00f3n es la cirug\u00eda. \u201cDurante la cirug\u00eda de cataratas, se extrae el cristalino opaco y se reemplaza por un lente intraocular. El procedimiento se realiza de forma ambulatoria mediante ultrasonido y generalmente se realiza con anestesia t\u00f3pica, usando gotas anest\u00e9sicas que \u201cduermen\u201d el ojo, sin pinchazos ni incisiones, aportando con ello a una recuperaci\u00f3n m\u00e1s precoz\u201d<br>Luego de la cirug\u00eda, la recuperaci\u00f3n es r\u00e1pida con efectos secundarios transitorios, como enrojecimiento, sensibilidad a la luz y sensaci\u00f3n de cuerpo extra\u00f1o. Durante el post operatorio, se recomienda usar gafas sol en exteriores y evitar actividades que puedan exponer los ojos a polvo y suciedad.<br>La cirug\u00eda de cataratas es un procedimiento seguro y efectivo que puede mejorar significativamente la visi\u00f3n y la calidad de vida de las personas afectadas. Es importante hablar con un oftalm\u00f3logo sobre cualquier preocupaci\u00f3n o preguntas que tenga sobre el procedimiento y las caracter\u00edsticas del lente intraocular a ser implantado, y con esto poder cumplir al m\u00e1ximo con las expectativas del paciente.<\/p>\n","protected":false},"excerpt":{"rendered":"<p>Las cataratas ocurren cuando el lente cristalino del ojo se vuelve opaco, lo que provoca una disminuci\u00f3n en la visi\u00f3n. Es una condici\u00f3n muy com\u00fan, principalmente como resultado natural del envejecimiento, pero tambi\u00e9n pueden ser causadas por otras enfermedades oculares, sist\u00e9micas, medicamentos, por herencia gen\u00e9tica y lesiones traum\u00e1ticas directas.<\/p>\n","protected":false},"author":4,"featured_media":5278,"comment_status":"closed","ping_status":"open","sticky":false,"template":"","format":"standard","meta":{"_monsterinsights_skip_tracking":false,"_monsterinsights_sitenote_active":false,"_monsterinsights_sitenote_note":"","_monsterinsights_sitenote_category":0,"footnotes":""},"categories":[3,6],"tags":[115],"class_list":["post-4426","post","type-post","status-publish","format-standard","has-post-thumbnail","hentry","category-cataratas","category-oftalmologia-general-y-lentes-para-adultos","tag-que-es-la-catarata-y-como-se-corrige"],"aioseo_notices":[],"_links":{"self":[{"href":"https:\/\/centrodelavision.cl\/sn\/wp-json\/wp\/v2\/posts\/4426","targetHints":{"allow":["GET"]}}],"collection":[{"href":"https:\/\/centrodelavision.cl\/sn\/wp-json\/wp\/v2\/posts"}],"about":[{"href":"https:\/\/centrodelavision.cl\/sn\/wp-json\/wp\/v2\/types\/post"}],"author":[{"embeddable":true,"href":"https:\/\/centrodelavision.cl\/sn\/wp-json\/wp\/v2\/users\/4"}],"replies":[{"embeddable":true,"href":"https:\/\/centrodelavision.cl\/sn\/wp-json\/wp\/v2\/comments?post=4426"}],"version-history":[{"count":1,"href":"https:\/\/centrodelavision.cl\/sn\/wp-json\/wp\/v2\/posts\/4426\/revisions"}],"predecessor-version":[{"id":4428,"href":"https:\/\/centrodelavision.cl\/sn\/wp-json\/wp\/v2\/posts\/4426\/revisions\/4428"}],"wp:featuredmedia":[{"embeddable":true,"href":"https:\/\/centrodelavision.cl\/sn\/wp-json\/wp\/v2\/media\/5278"}],"wp:attachment":[{"href":"https:\/\/centrodelavision.cl\/sn\/wp-json\/wp\/v2\/media?parent=4426"}],"wp:term":[{"taxonomy":"category","embeddable":true,"href":"https:\/\/centrodelavision.cl\/sn\/wp-json\/wp\/v2\/categories?post=4426"},{"taxonomy":"post_tag","embeddable":true,"href":"https:\/\/centrodelavision.cl\/sn\/wp-json\/wp\/v2\/tags?post=4426"}],"curies":[{"name":"wp","href":"https:\/\/api.w.org\/{rel}","templated":true}]}}